{"id":17291,"date":"2024-09-12T10:05:33","date_gmt":"2024-09-12T08:05:33","guid":{"rendered":"https:\/\/bitacoraenlared.com\/internet\/?p=17291"},"modified":"2024-09-12T10:05:33","modified_gmt":"2024-09-12T08:05:33","slug":"apple-pierde-a-una-figura-clave-de-la-app-store","status":"publish","type":"post","link":"https:\/\/bitacoraenlared.com\/internet\/apple-pierde-a-una-figura-clave-de-la-app-store\/","title":{"rendered":"Apple pierde a una figura clave de la App Store"},"content":{"rendered":"<p>La\u00a0<strong>App Store<\/strong>\u00a0de Apple atraviesa un proceso de\u00a0<strong>reestructuraci\u00f3n<\/strong>\u00a0que incluye la salida de uno de sus l\u00edderes. Seg\u00fan reporta\u00a0<em><a href=\"https:\/\/www.bloomberg.com\/news\/articles\/2024-08-21\/apple-s-app-store-head-to-leave-in-reorganization-amid-global-scrutiny\">Bloomberg<\/a><\/em>,\u00a0<strong>Matt Fischer<\/strong>, vicepresidente de la tienda de aplicaciones de la manzana,\u00a0<strong>dejar\u00e1 su cargo<\/strong>\u00a0<strong>a partir de octubre pr\u00f3ximo<\/strong>.<\/p>\n<p>El periodista Mark Gurman indica que el alejamiento de Fischer y los cambios en la estructura de la App Store responden a la necesidad de Apple de ajustarse a los cambios regulatorios a nivel internacional.<\/p>\n<p>Recordemos que la entrada en vigencia de la Ley de Mercados Digitales de la Uni\u00f3n Europea les ha obligado a\u00a0<a href=\"https:\/\/hipertextual.com\/2024\/01\/apple-sideloading-iphone-app-store-terceros-europa\">permitir los\u00a0<em>marketplaces<\/em>\u00a0de terceros<\/a>\u00a0y\u00a0<a href=\"https:\/\/hipertextual.com\/2024\/01\/app-store-metodos-pago-alternativos-nfc-iphone\">los m\u00e9todos de pago alternativos<\/a>.<\/p>\n<p>Desde que la normativa comenz\u00f3 a regir ya desembarcaron en el iPhone opciones como\u00a0<a href=\"https:\/\/hipertextual.com\/2024\/04\/altstore-pal-app-store-alternativa-ya-esta-disponible-en-europa\">AltStore PAL<\/a>\u00a0y la\u00a0<a href=\"https:\/\/hipertextual.com\/2024\/08\/fortnite-iphone-asi-puedes-instalarlo\">Epic Games Store<\/a>. Y se especula con que los cambios implementados en Europa podr\u00edan\u00a0<strong>aumentar el escrutinio de las autoridades<\/strong>\u00a0para que lo mismo suceda en otras partes del mundo.<\/p>\n<h2 id=\"h-la-app-store-se-reestructura-internamente\" class=\"wp-block-heading\">La App Store se reestructura internamente<\/h2>\n<p>En el caso espec\u00edfico de Matt Fischer, su salida como vicepresidente de la App Store no ha sido confirmada ni desmentida por Apple. No obstante,\u00a0<em>Bloomberg<\/em>\u00a0accedi\u00f3 a un mensaje de despedida que el ejecutivo comparti\u00f3 con los trabajadores del \u00e1rea. De acuerdo con el correo electr\u00f3nico en cuesti\u00f3n, fue el propio Fischer quien opt\u00f3 por abandonar la compa\u00f1\u00eda tras formar parte de ella durante los \u00faltimos 21 a\u00f1os.<\/p>\n<p>\u00abEsta decisi\u00f3n ha estado en mi mente por alg\u00fan tiempo, y como tambi\u00e9n estamos reorganizando el equipo para gestionar mejor los nuevos desaf\u00edos y oportunidades, ahora es el momento adecuado para pasar el testigo a dos l\u00edderes destacados de mi equipo\u00bb, indic\u00f3. Seg\u00fan se menciona, Fischer asumi\u00f3 el rol de vicepresidente de la tienda de apps en 2010 y desde entonces se desempe\u00f1\u00f3 report\u00e1ndole directamente a\u00a0<strong>Phil Schiller<\/strong>, director de la App Store.<\/p>\n<p>Adem\u00e1s del alejamiento de Matt Fischer como vicepresidente, el equipo de Apple dedicado a la App Store\u00a0<strong>se dividir\u00e1 en dos grupos<\/strong>. De acuerdo con lo que se reporta, uno de ellos se encargar\u00e1 de la supervisi\u00f3n de todo lo que corresponda con el funcionamiento y los negocios de la propia tienda de la manzana. Este quedar\u00e1 a cargo\u00a0<strong>Carson Oliver<\/strong>, un director senior con vasta experiencia dentro del \u00e1rea.<\/p>\n<p>La otra secci\u00f3n ser\u00e1 responsabilidad de\u00a0<strong>Ann Thai<\/strong>, quien hasta aqu\u00ed se desempe\u00f1\u00f3 como directora de producto de la App Store. La misma se ocupar\u00e1 de todo lo relacionado con la distribuci\u00f3n alternativa de aplicaciones; es decir, con todo aquello vinculado con las tiendas de terceros que funcionen en los dispositivos de la manzana.<\/p>\n<h2 id=\"h-preparando-el-terreno-para-mas-cambios\" class=\"wp-block-heading\">\u00bfPreparando el terreno para m\u00e1s cambios?<\/h2>\n<p>Es evidente que los cambios desatados en el ecosistema de Apple de la mano de la Ley de Mercados Digitales de la Uni\u00f3n Europea han calado hondo. Esto ha sentado un precedente que plataformas que compiten con la App Store pretenden que se replique en otras partes del mundo. Epic Games ha sido de las m\u00e1s vocales en ampliar la batalla para que la Epic Games Store \u2014y\u00a0<em>Fortnite<\/em>\u2014 est\u00e9n disponibles en iOS en todo el mundo.<\/p>\n<p>Habr\u00e1 que ver si la reestructuraci\u00f3n interna del equipo responsable de la App Store busca\u00a0<strong>preparar el terreno<\/strong>\u00a0ante posibles presiones en otras partes del mundo. No olvidemos que Apple est\u00e1 en el centro de\u00a0<a href=\"https:\/\/hipertextual.com\/2024\/03\/estados-unidos-demanda-a-apple-por-monopolio\">una demanda por monopolio en Estados Unidos<\/a>, con su posici\u00f3n como distribuidor exclusivo de apps del iPhone como uno de los puntos que le tienen en la mira.<\/p>\n<p><a class=\"url fn n\" href=\"https:\/\/hipertextual.com\/autor\/gabrielerard\">Gabriel Erard<\/a><\/p>\n","protected":false},"excerpt":{"rendered":"<p>La\u00a0App Store\u00a0de Apple atraviesa un proceso de\u00a0reestructuraci\u00f3n\u00a0que incluye la salida de uno de sus l\u00edderes. Seg\u00fan reporta\u00a0Bloomberg,\u00a0Matt Fischer, vicepresidente de la tienda de aplicaciones de la manzana,\u00a0dejar\u00e1 su cargo\u00a0a partir de octubre pr\u00f3ximo. El periodista Mark Gurman indica que el alejamiento de Fischer y los cambios en la estructura de<span class=\"more-link\"><a href=\"https:\/\/bitacoraenlared.com\/internet\/apple-pierde-a-una-figura-clave-de-la-app-store\/\">Seguir leyendo<\/a><\/span><\/p>\n","protected":false},"author":1,"featured_media":17292,"comment_status":"open","ping_status":"open","sticky":false,"template":"","format":"standard","meta":{"_jetpack_memberships_contains_paid_content":false,"footnotes":"","_links_to":"","_links_to_target":""},"categories":[5],"tags":[4,3],"class_list":["entry","author-admin","post-17291","post","type-post","status-publish","format-standard","has-post-thumbnail","category-app-y-smartphones","tag-fuprisa","tag-jose-manuel-fuentes-prieto"],"nelio_content":{"autoShareEndMode":"never","automationSources":{"useCustomSentences":false,"customSentences":[]},"efiAlt":"","efiUrl":"","followers":[1],"highlights":[],"isAutoShareEnabled":true,"networkImageIds":[],"permalinkQueryArgs":[],"series":[],"suggestedReferences":[]},"jetpack_featured_media_url":"https:\/\/bitacoraenlared.com\/internet\/wp-content\/uploads\/sites\/2\/2024\/09\/Apple-App-Store.jpg","jetpack_sharing_enabled":true,"_links":{"self":[{"href":"https:\/\/bitacoraenlared.com\/internet\/wp-json\/wp\/v2\/posts\/17291","targetHints":{"allow":["GET"]}}],"collection":[{"href":"https:\/\/bitacoraenlared.com\/internet\/wp-json\/wp\/v2\/posts"}],"about":[{"href":"https:\/\/bitacoraenlared.com\/internet\/wp-json\/wp\/v2\/types\/post"}],"author":[{"embeddable":true,"href":"https:\/\/bitacoraenlared.com\/internet\/wp-json\/wp\/v2\/users\/1"}],"replies":[{"embeddable":true,"href":"https:\/\/bitacoraenlared.com\/internet\/wp-json\/wp\/v2\/comments?post=17291"}],"version-history":[{"count":1,"href":"https:\/\/bitacoraenlared.com\/internet\/wp-json\/wp\/v2\/posts\/17291\/revisions"}],"predecessor-version":[{"id":17293,"href":"https:\/\/bitacoraenlared.com\/internet\/wp-json\/wp\/v2\/posts\/17291\/revisions\/17293"}],"wp:featuredmedia":[{"embeddable":true,"href":"https:\/\/bitacoraenlared.com\/internet\/wp-json\/wp\/v2\/media\/17292"}],"wp:attachment":[{"href":"https:\/\/bitacoraenlared.com\/internet\/wp-json\/wp\/v2\/media?parent=17291"}],"wp:term":[{"taxonomy":"category","embeddable":true,"href":"https:\/\/bitacoraenlared.com\/internet\/wp-json\/wp\/v2\/categories?post=17291"},{"taxonomy":"post_tag","embeddable":true,"href":"https:\/\/bitacoraenlared.com\/internet\/wp-json\/wp\/v2\/tags?post=17291"}],"curies":[{"name":"wp","href":"https:\/\/api.w.org\/{rel}","templated":true}]}}