{"id":5194,"date":"2022-06-05T10:25:54","date_gmt":"2022-06-05T08:25:54","guid":{"rendered":"https:\/\/bitacoraenlared.com\/internet\/?p=5194"},"modified":"2022-06-04T17:34:27","modified_gmt":"2022-06-04T15:34:27","slug":"dismorfia-de-zoom-como-nos-afecta-vernos-a-traves-de-una-pantalla","status":"publish","type":"post","link":"https:\/\/bitacoraenlared.com\/internet\/dismorfia-de-zoom-como-nos-afecta-vernos-a-traves-de-una-pantalla\/","title":{"rendered":"Dismorfia de Zoom: c\u00f3mo nos afecta vernos a trav\u00e9s de una pantalla"},"content":{"rendered":"<p>Las c\u00e1maras en los dispositivos m\u00f3viles han multiplicado de alguna manera los espejos. Continuamente tenemos la oportunidad de ver reflejada nuestra imagen. Ahora, \u00bfc\u00f3mo nos afecta?<\/p>\n<p class=\"jsx-4098198752 c--grey-neutral-800\">La pandemia gener\u00f3 muchos cambios en nuestro estilo de vida; por ejemplo, el trabajo y las clases se desplazaron a las distintas plataformas digitales. El contacto virtual con los dem\u00e1s se arraig\u00f3 mucho m\u00e1s y pasamos m\u00e1s tiempo en videoconferencias en las que ten\u00edamos la oportunidad de observar nuestra imagen con mayor frecuencia que antes.<\/p>\n<p class=\"jsx-4098198752 c--grey-neutral-800\">Sin embargo, esas largas horas que pasamos mir\u00e1ndonos en la pantalla produjeron algunos cambios sustanciales y percepciones inquietantes sobre c\u00f3mo nos ve\u00edamos a nosotros mismos. Fue as\u00ed como el fen\u00f3meno conocido como dismorfia de Zoom cobr\u00f3 vida y empez\u00f3 a afectar a c\u00f3mo nos relacion\u00e1bamos con nuestra apariencia.<\/p>\n<h2 id=\"que-es-la-dismorfia-de-zoom\" class=\"jsx-3692753319 jsx-2566528898 c--main-600  mt--x-big pt--normal\">\u00bfQu\u00e9 es la dismorfia de Zoom?<\/h2>\n<p class=\"jsx-4098198752 c--grey-neutral-800\"><strong>Es la incapacidad de dejar de pensar en uno o m\u00e1s defectos percibidos en la apariencia despu\u00e9s de mirar nuestra imagen durante cierto tiempo<\/strong>. Esta experiencia puede hacer que la persona se sienta ansiosa al asistir a una videollamada, que intente lucir perfecta y que se centre en exceso en su rostro en la pantalla, encontrando imperfecciones en \u00e9l.<\/p>\n<hr \/>\n<p><img decoding=\"async\" src=\"https:\/\/teletrabajoynegocios.com\/teletrabajador\/wp-content\/uploads\/sites\/3\/2020\/07\/articulos.png\" \/><\/p>\n<p>[wp-rss-aggregator template=\u00bbDefault\u00bb]<\/p>\n<hr \/>\n<p class=\"jsx-4098198752 c--grey-neutral-800\"><strong>Esta\u00a0<a class=\"jsx-151512268 jsx-1474443579 default-a-link is--underline c--secondary-600 is--underline\" href=\"https:\/\/lamenteesmaravillosa.com\/sabes-que-es-el-sindrome-de-la-dismorfia-corporal\/\" target=\"_self\" rel=\"noopener\" data-with-google-events=\"true\" data-google-events=\"{&quot;data&quot;:{&quot;action&quot;:&quot;click&quot;,&quot;category&quot;:&quot;Content&quot;,&quot;label&quot;:&quot;Related \/dismorfia-zoom-como-nos-afecta-vernos-a-traves-pantalla\/&quot;,&quot;value&quot;:&quot;https:\/\/lamenteesmaravillosa.com\/sabes-que-es-el-sindrome-de-la-dismorfia-corporal\/&quot;}}\">dismorfia corporal<\/a>\u00a0se caracteriza por una preocupaci\u00f3n por la imagen proyectada en una pantalla digital.<\/strong>\u00a0En los \u00faltimos a\u00f1os, y como consecuencia del incremento de las videollamadas y reuniones virtuales, aumentaron este tipo de preocupaciones.<\/p>\n<p class=\"jsx-4098198752 c--grey-neutral-800\">La dermat\u00f3loga Dra. Shadi Kourosh observ\u00f3 que sus pacientes deseaban hacer modificaciones en su apariencia, incluyendo cirug\u00edas, a pesar de los estragos de la pandemia en curso. A ella le empez\u00f3 a preocupar que el tiempo que las personas pasaban frente a la c\u00e1mara estuviera afectando las percepciones que ten\u00edan de su apariencia.<\/p>\n<p class=\"jsx-4098198752 c--grey-neutral-800\">En una\u00a0<a class=\"jsx-151512268 jsx-1474443579 default-a-link is--underline c--secondary-600 is--underline\" href=\"https:\/\/www.ncbi.nlm.nih.gov\/pmc\/articles\/PMC8072483\/\" target=\"_self\" rel=\"noopener\" data-with-google-events=\"true\" data-google-events=\"{&quot;data&quot;:{&quot;action&quot;:&quot;click&quot;,&quot;category&quot;:&quot;Content&quot;,&quot;label&quot;:&quot;Related \/dismorfia-zoom-como-nos-afecta-vernos-a-traves-pantalla\/&quot;,&quot;value&quot;:&quot;https:\/\/www.ncbi.nlm.nih.gov\/pmc\/articles\/PMC8072483\/&quot;}}\">encuesta<\/a>\u00a0realizada a 134 proveedores de atenci\u00f3n dermatol\u00f3gica se encontr\u00f3 que, un 56,7 % de la muestra inform\u00f3 que hubo un aumento de pacientes que buscaban consultas cosm\u00e9ticas en comparaci\u00f3n con antes de la pandemia. El 86,4 % de los proveedores se\u00f1alaron que los pacientes mencionaron las videoconferencias como el motivo para buscar atenci\u00f3n.<\/p>\n<p>Con respecto a las \u00e1reas del cuerpo que se consultaban, el 80 % de los encuestados afirmaron que los pacientes se enfocaban en la frente y el 78 % informaron que se centraban en las \u00e1reas perioculares. Otras regiones que recibieron mucha atenci\u00f3n fueron las arrugas en la parte superior del rostro, las ojeras, las manchas oscuras en la cara y la flacidez del cuello.<\/p>\n<h2 id=\"por-que-las-camaras-son-tan-inquietantes-para-las-personas\" class=\"jsx-3692753319 jsx-2566528898 c--main-600  mt--x-big pt--normal\">\u00bfPor qu\u00e9 las c\u00e1maras son tan inquietantes para las personas?<\/h2>\n<p class=\"jsx-4098198752 c--grey-neutral-800\">Rice, Graber y Kourosh (2020) sostiene que, durante las conversaciones en la vida real, no observamos nuestra cara hablando y expresando emociones, y no comparamos nuestro rostro al lado de otro, como lo hacemos en las videollamadas. Adem\u00e1s,<strong>\u00a0las c\u00e1maras pueden distorsionar la calidad del video y crear una representaci\u00f3n imprecisa de la apariencia real<\/strong>.<\/p>\n<p class=\"jsx-4098198752 c--grey-neutral-800\">En una\u00a0<a class=\"jsx-151512268 jsx-1474443579 default-a-link is--underline c--secondary-600 is--underline\" href=\"https:\/\/www.liebertpub.com\/abs\/doi\/10.1001\/jamafacial.2018.0009\" target=\"_self\" rel=\"noopener\" data-with-google-events=\"true\" data-google-events=\"{&quot;data&quot;:{&quot;action&quot;:&quot;click&quot;,&quot;category&quot;:&quot;Content&quot;,&quot;label&quot;:&quot;Related \/dismorfia-zoom-como-nos-afecta-vernos-a-traves-pantalla\/&quot;,&quot;value&quot;:&quot;https:\/\/www.liebertpub.com\/abs\/doi\/10.1001\/jamafacial.2018.0009&quot;}}\">investigaci\u00f3n<\/a>\u00a0se encontr\u00f3 que cuando las personas se toman fotos a 12 pulgadas de distancia, los\u00a0<em>selfies<\/em>\u00a0aumentan el tama\u00f1o de la nariz en un 30 % en los hombres y en un 29 % en las mujeres.\u00a0En cambio, una imagen tomada a 5 pies pr\u00e1cticamente no produce ninguna diferencia en el tama\u00f1o percibido.<\/p>\n<p class=\"jsx-4098198752 c--grey-neutral-800\">As\u00ed pues, la imagen que se proyecta en las c\u00e1maras nos muestra una apariencia de nosotros diferente a como somos en realidad. Nuestra imagen se filtra y empezamos a fijarnos en nuestras imperfecciones. A su vez,\u00a0<strong>magnificamos y generalizamos los\u00a0<a class=\"jsx-151512268 jsx-1474443579 default-a-link is--underline c--secondary-600 is--underline\" href=\"https:\/\/lamenteesmaravillosa.com\/aceptar-mis-defectos-como-puedo-conseguirlo\/\" target=\"_self\" rel=\"noopener\" data-with-google-events=\"true\" data-google-events=\"{&quot;data&quot;:{&quot;action&quot;:&quot;click&quot;,&quot;category&quot;:&quot;Content&quot;,&quot;label&quot;:&quot;Related \/dismorfia-zoom-como-nos-afecta-vernos-a-traves-pantalla\/&quot;,&quot;value&quot;:&quot;https:\/\/lamenteesmaravillosa.com\/aceptar-mis-defectos-como-puedo-conseguirlo\/&quot;}}\">defectos<\/a>\u00a0percibidos, lo que nos lleva a preocuparnos cada vez m\u00e1s<\/strong>\u00a0por ellos y por c\u00f3mo nos ven los dem\u00e1s.<\/p>\n<h2 id=\"la-relacion-con-la-autoestima\" class=\"jsx-3692753319 jsx-2566528898 c--main-600  mt--x-big pt--normal\">La relaci\u00f3n con la autoestima<\/h2>\n<p class=\"jsx-4098198752 c--grey-neutral-800\"><strong>Cuando tenemos\u00a0<a class=\"jsx-151512268 jsx-1474443579 default-a-link is--underline c--secondary-600 is--underline\" href=\"https:\/\/lamenteesmaravillosa.com\/caracteristicas-personas-baja-autoestima\/\" target=\"_self\" rel=\"noopener\" data-with-google-events=\"true\" data-google-events=\"{&quot;data&quot;:{&quot;action&quot;:&quot;click&quot;,&quot;category&quot;:&quot;Content&quot;,&quot;label&quot;:&quot;Related \/dismorfia-zoom-como-nos-afecta-vernos-a-traves-pantalla\/&quot;,&quot;value&quot;:&quot;https:\/\/lamenteesmaravillosa.com\/caracteristicas-personas-baja-autoestima\/&quot;}}\">baja autoestima<\/a>, tendemos a externalizar nuestra val\u00eda<\/strong>, es decir, dependemos de las personas que nos rodean para sentirnos bien con nosotros mismos, para sentirnos dignos de amor, aceptados y reconocidos. Valemos por los dem\u00e1s, no por ser lo que somos.<\/p>\n<p class=\"jsx-4098198752 c--grey-neutral-800\">Si la val\u00eda se deposita afuera, entonces se empieza a depender de la imagen que se proyecta<strong>,<\/strong>\u00a0pues de esta depende, en cierta medida, la aceptaci\u00f3n de los dem\u00e1s. En consecuencia, se intenta construir una imagen agradable, bella, perfecta que sea capaz de ganarse el aprecio de los dem\u00e1s sobre el cual se mide el valor propio.<\/p>\n<p><strong>La\u00a0<a class=\"jsx-151512268 jsx-1474443579 default-a-link is--underline c--secondary-600 is--underline\" href=\"https:\/\/www.sciencedirect.com\/science\/article\/abs\/pii\/S0924933815320290\" target=\"_self\" rel=\"noopener\" data-with-google-events=\"true\" data-google-events=\"{&quot;data&quot;:{&quot;action&quot;:&quot;click&quot;,&quot;category&quot;:&quot;Content&quot;,&quot;label&quot;:&quot;Related \/dismorfia-zoom-como-nos-afecta-vernos-a-traves-pantalla\/&quot;,&quot;value&quot;:&quot;https:\/\/www.sciencedirect.com\/science\/article\/abs\/pii\/S0924933815320290&quot;}}\">percepci\u00f3n de nuestro cuerpo<\/a>\u00a0y los sentimientos asociados a ella influyen no solo en nuestro autoconcepto, sino tambi\u00e9n en nuestra autoestima<\/strong>. De esta manera, la influencia entre autoestima e imagen corporal es mutua. En la dismorfia del Zoom lo vemos claramente, la continua desvalorizaci\u00f3n de la imagen corporal, en espec\u00edfico la del rostro, afecta la manera en que la persona se siente consigo misma y el valor que se atribuye.<\/p>\n<h2 id=\"estrategias-para-evitar-las-preocupaciones-de-la-dismorfia-de-zoom\" class=\"jsx-3692753319 jsx-2566528898 c--main-600  mt--x-big pt--normal\">Estrategias para evitar las preocupaciones de la dismorfia de Zoom<\/h2>\n<p class=\"jsx-4098198752 c--grey-neutral-800\">De manera muy general, puedes seguir las siguientes recomendaciones:<\/p>\n<ul class=\"jsx-43291209 list-on-content mlr--x-big mtb--big c--grey-neutral-800 lh--1-8 ff--serif lst--disc\">\n<li><strong>Intenta no mirarte continuamente en la pantalla o c\u00e1mara del tel\u00e9fono<\/strong>. Para ello, puedes tener la c\u00e1mara desactivada; en caso de no ser posible, se puede tapar con un papel el recuadro donde aparece tu imagen.<\/li>\n<li><strong>Cambia tu perspectiva y ponte en el lugar de las otras personas:\u00a0<\/strong>\u00bfcrees que se han reunido contigo para analizar y contar tus imperfecciones? Es muy probable que ellos est\u00e9n interesados en la conversaci\u00f3n y su contenido.<\/li>\n<li>Recuerda que las personas, as\u00ed como t\u00fa, est\u00e1n m\u00e1s pendientes de ellos mismos y de la imagen que est\u00e1n proyectando que de la apariencia de los dem\u00e1s. Piensa que hay mucha gente que sufre con su imagen y tal vez tu interlocutor es una de ellas.<\/li>\n<\/ul>\n<p>Para concluir, la exposici\u00f3n continua a nuestra imagen en las plataformas o dispositivos digitales puede terminar alterando la percepci\u00f3n que tenemos de nuestro cuerpo, haciendo que nos sintamos inconformes, imperfectos y poco valioso. Por eso, es importante recordar que la manera en que nos vemos y nos ven los dem\u00e1s va m\u00e1s all\u00e1 de lo que una pantalla puede mostrarnos.<\/p>\n<p><a class=\"jsx-151512268 jsx-1596958326 default-a-link is--underline c--grey-neutral-800  link-tool-tip jsx-2288154920 jsx-986712099\" href=\"https:\/\/lamenteesmaravillosa.com\/autor\/jose-padilla\/\" target=\"_self\" rel=\"noopener\"><strong>Jos\u00e9 Padilla<\/strong><\/a>.<\/p>\n","protected":false},"excerpt":{"rendered":"<p>Las c\u00e1maras en los dispositivos m\u00f3viles han multiplicado de alguna manera los espejos. Continuamente tenemos la oportunidad de ver reflejada nuestra imagen. Ahora, \u00bfc\u00f3mo nos afecta? La pandemia gener\u00f3 muchos cambios en nuestro estilo de vida; por ejemplo, el trabajo y las clases se desplazaron a las distintas plataformas digitales.<span class=\"more-link\"><a href=\"https:\/\/bitacoraenlared.com\/internet\/dismorfia-de-zoom-como-nos-afecta-vernos-a-traves-de-una-pantalla\/\">Seguir leyendo<\/a><\/span><\/p>\n","protected":false},"author":1,"featured_media":5195,"comment_status":"open","ping_status":"open","sticky":false,"template":"","format":"standard","meta":{"_jetpack_memberships_contains_paid_content":false,"footnotes":"","_links_to":"","_links_to_target":""},"categories":[1],"tags":[4,3],"class_list":["entry","author-admin","post-5194","post","type-post","status-publish","format-standard","has-post-thumbnail","category-internet","tag-fuprisa","tag-jose-manuel-fuentes-prieto"],"nelio_content":{"autoShareEndMode":"never","automationSources":{"useCustomSentences":false,"customSentences":[]},"efiAlt":"","efiUrl":"","followers":[1],"highlights":[],"isAutoShareEnabled":true,"networkImageIds":[],"permalinkQueryArgs":[],"series":[],"suggestedReferences":[]},"jetpack_featured_media_url":"https:\/\/bitacoraenlared.com\/internet\/wp-content\/uploads\/sites\/2\/2022\/06\/mujer-haciendo-reunion-videollamad.jpg","jetpack_sharing_enabled":true,"_links":{"self":[{"href":"https:\/\/bitacoraenlared.com\/internet\/wp-json\/wp\/v2\/posts\/5194","targetHints":{"allow":["GET"]}}],"collection":[{"href":"https:\/\/bitacoraenlared.com\/internet\/wp-json\/wp\/v2\/posts"}],"about":[{"href":"https:\/\/bitacoraenlared.com\/internet\/wp-json\/wp\/v2\/types\/post"}],"author":[{"embeddable":true,"href":"https:\/\/bitacoraenlared.com\/internet\/wp-json\/wp\/v2\/users\/1"}],"replies":[{"embeddable":true,"href":"https:\/\/bitacoraenlared.com\/internet\/wp-json\/wp\/v2\/comments?post=5194"}],"version-history":[{"count":1,"href":"https:\/\/bitacoraenlared.com\/internet\/wp-json\/wp\/v2\/posts\/5194\/revisions"}],"predecessor-version":[{"id":5196,"href":"https:\/\/bitacoraenlared.com\/internet\/wp-json\/wp\/v2\/posts\/5194\/revisions\/5196"}],"wp:featuredmedia":[{"embeddable":true,"href":"https:\/\/bitacoraenlared.com\/internet\/wp-json\/wp\/v2\/media\/5195"}],"wp:attachment":[{"href":"https:\/\/bitacoraenlared.com\/internet\/wp-json\/wp\/v2\/media?parent=5194"}],"wp:term":[{"taxonomy":"category","embeddable":true,"href":"https:\/\/bitacoraenlared.com\/internet\/wp-json\/wp\/v2\/categories?post=5194"},{"taxonomy":"post_tag","embeddable":true,"href":"https:\/\/bitacoraenlared.com\/internet\/wp-json\/wp\/v2\/tags?post=5194"}],"curies":[{"name":"wp","href":"https:\/\/api.w.org\/{rel}","templated":true}]}}