{"id":8502,"date":"2022-12-01T18:37:48","date_gmt":"2022-12-01T17:37:48","guid":{"rendered":"https:\/\/bitacoraenlared.com\/internet\/?p=8502"},"modified":"2022-12-01T18:37:48","modified_gmt":"2022-12-01T17:37:48","slug":"zuckerberg-asegura-que-whatsapp-impulsara-la-proxima-ola-de-crecimiento-de-la-compania-por-delante-del-metaverso","status":"publish","type":"post","link":"https:\/\/bitacoraenlared.com\/internet\/zuckerberg-asegura-que-whatsapp-impulsara-la-proxima-ola-de-crecimiento-de-la-compania-por-delante-del-metaverso\/","title":{"rendered":"Zuckerberg asegura que WhatsApp impulsar\u00e1 la pr\u00f3xima ola de crecimiento de la compa\u00f1\u00eda por delante del metaverso"},"content":{"rendered":"<p><strong>Mark Zuckerberg<\/strong>, CEO de Meta, ha dicho a sus empleados el pasado jueves que tanto\u00a0<strong>Messenger como WhatsApp impulsar\u00e1n la pr\u00f3xima ola de crecimiento de las ventas de la compa\u00f1\u00eda<\/strong>.<\/p>\n<p>Zuckerberg ha descrito ambas aplicaciones de mensajer\u00eda como\u00a0<strong>\u00abmuy pronto monetizables<\/strong>\u00bb en comparaci\u00f3n con sus gigantes publicitarios como Facebook e Instagram, seg\u00fan los comentarios escuchados por\u00a0<a href=\"https:\/\/www.reuters.com\/technology\/zuckerberg-says-whatsapp-business-chat-will-drive-sales-sooner-than-metaverse-2022-11-18\/\" target=\"_blank\" rel=\"nofollow noopener\"><em>Reuters<\/em><\/a>.<\/p>\n<p>\u00abHablamos mucho sobre las oportunidades a muy largo plazo como el metaverso, pero la realidad es que la mensajer\u00eda comercial probablemente ser\u00e1 el pr\u00f3ximo gran pilar de nuestro negocio a medida que trabajamos para monetizar m\u00e1s WhatsApp y Messenger\u00bb, revela.<\/p>\n<p>Sin duda se trata de un\u00a0<strong>cambio total en la estrategia despu\u00e9s de centrarse en hardware y software\u00a0<\/strong>de realidad extendida durante todo el a\u00f1o pasado para construir un metaverso extendido.<\/p>\n<hr \/>\n<p><img decoding=\"async\" src=\"https:\/\/teletrabajoynegocios.com\/teletrabajador\/wp-content\/uploads\/sites\/3\/2020\/07\/articulos.png\" \/><\/p>\n<p>[wp-rss-aggregator]<\/p>\n<hr \/>\n<p>En sus comentarios a los empleados,<strong>\u00a0Zuckerberg minimiz\u00f3 cu\u00e1nto gastaba la compa\u00f1\u00eda en Reality Labs<\/strong>, la unidad responsable de sus inversiones en el metaverso.<\/p>\n<p>Las personas fueron el mayor gasto de Meta, seguido por los gastos de capital, la gran mayor\u00eda de los cuales se destinaron a la infraestructura para respaldar su conjunto de aplicaciones de redes sociales, asegura Zuckerberg. Alrededor del 20% del presupuesto de Meta se destin\u00f3 a Reality Labs.<\/p>\n<p>\u00abDe alguna manera, este es el trabajo m\u00e1s desafiante&#8230; pero tambi\u00e9n creo que es la parte potencial m\u00e1s valiosa del trabajo a lo largo del tiempo\u00bb, asegura.<\/p>\n<p>Aproximadamente el\u00a0<strong>40% del presupuesto de Reality Labs se destin\u00f3 a la realidad virtual<\/strong>, mientras que aproximadamente el 10 % se gast\u00f3 en plataformas sociales futuristas, como el mundo virtual al que llama Horizon.<\/p>\n<p>Este cambio en su discurso llega justo despu\u00e9s de que\u00a0<a title=\"Despidos masivos en el sector tecnol\u00f3gico en 15 d\u00edas: m\u00e1s de 24.000 personas salen de Meta, Amazon, Twitter y Salesforce\" href=\"https:\/\/www.businessinsider.es\/despidos-masivos-amazon-twitter-meta-salesforce-15-dias-1155873\">Meta anunciase el primer despido masivo<\/a>\u00a0en toda su historia: un recorte del 13% de su plantilla a nivel mundial, que supone un total de 11.000 trabajadores.<\/p>\n<div class=\"sc-cc294929-3 aafJN\"><a class=\"sc-fe130eb9-0 hKedHO\" href=\"https:\/\/www.businessinsider.es\/redaccion\/carlos-ferrer-bonsoms-cruz\" rel=\"author\">Carlos Ferrer-Bonsoms Cruz<\/a><\/div>\n","protected":false},"excerpt":{"rendered":"<p>Mark Zuckerberg, CEO de Meta, ha dicho a sus empleados el pasado jueves que tanto\u00a0Messenger como WhatsApp impulsar\u00e1n la pr\u00f3xima ola de crecimiento de las ventas de la compa\u00f1\u00eda. Zuckerberg ha descrito ambas aplicaciones de mensajer\u00eda como\u00a0\u00abmuy pronto monetizables\u00bb en comparaci\u00f3n con sus gigantes publicitarios como Facebook e Instagram, seg\u00fan<span class=\"more-link\"><a href=\"https:\/\/bitacoraenlared.com\/internet\/zuckerberg-asegura-que-whatsapp-impulsara-la-proxima-ola-de-crecimiento-de-la-compania-por-delante-del-metaverso\/\">Seguir leyendo<\/a><\/span><\/p>\n","protected":false},"author":1,"featured_media":545,"comment_status":"open","ping_status":"open","sticky":false,"template":"","format":"standard","meta":{"_jetpack_memberships_contains_paid_content":false,"footnotes":"","_links_to":"","_links_to_target":""},"categories":[1],"tags":[4,3],"class_list":["entry","author-admin","post-8502","post","type-post","status-publish","format-standard","has-post-thumbnail","category-internet","tag-fuprisa","tag-jose-manuel-fuentes-prieto"],"nelio_content":{"autoShareEndMode":"never","automationSources":{"useCustomSentences":false,"customSentences":[]},"efiAlt":"","efiUrl":"","followers":[1],"highlights":[],"isAutoShareEnabled":true,"networkImageIds":[],"permalinkQueryArgs":[],"series":[],"suggestedReferences":[]},"jetpack_featured_media_url":"https:\/\/bitacoraenlared.com\/internet\/wp-content\/uploads\/sites\/2\/2021\/07\/58f3bd6297c4375f40df54bb7808028f_width-600.jpeg","jetpack_sharing_enabled":true,"_links":{"self":[{"href":"https:\/\/bitacoraenlared.com\/internet\/wp-json\/wp\/v2\/posts\/8502","targetHints":{"allow":["GET"]}}],"collection":[{"href":"https:\/\/bitacoraenlared.com\/internet\/wp-json\/wp\/v2\/posts"}],"about":[{"href":"https:\/\/bitacoraenlared.com\/internet\/wp-json\/wp\/v2\/types\/post"}],"author":[{"embeddable":true,"href":"https:\/\/bitacoraenlared.com\/internet\/wp-json\/wp\/v2\/users\/1"}],"replies":[{"embeddable":true,"href":"https:\/\/bitacoraenlared.com\/internet\/wp-json\/wp\/v2\/comments?post=8502"}],"version-history":[{"count":2,"href":"https:\/\/bitacoraenlared.com\/internet\/wp-json\/wp\/v2\/posts\/8502\/revisions"}],"predecessor-version":[{"id":8506,"href":"https:\/\/bitacoraenlared.com\/internet\/wp-json\/wp\/v2\/posts\/8502\/revisions\/8506"}],"wp:featuredmedia":[{"embeddable":true,"href":"https:\/\/bitacoraenlared.com\/internet\/wp-json\/wp\/v2\/media\/545"}],"wp:attachment":[{"href":"https:\/\/bitacoraenlared.com\/internet\/wp-json\/wp\/v2\/media?parent=8502"}],"wp:term":[{"taxonomy":"category","embeddable":true,"href":"https:\/\/bitacoraenlared.com\/internet\/wp-json\/wp\/v2\/categories?post=8502"},{"taxonomy":"post_tag","embeddable":true,"href":"https:\/\/bitacoraenlared.com\/internet\/wp-json\/wp\/v2\/tags?post=8502"}],"curies":[{"name":"wp","href":"https:\/\/api.w.org\/{rel}","templated":true}]}}